{"id":1689,"date":"2018-08-04T11:15:34","date_gmt":"2018-08-04T11:15:34","guid":{"rendered":"https:\/\/blade-scape.com\/bladescape-am-energiekongress-osterreich\/"},"modified":"2023-01-26T12:47:48","modified_gmt":"2023-01-26T12:47:48","slug":"bladescape-am-energiekongress-osterreich","status":"publish","type":"post","link":"https:\/\/blade-scape.com\/en\/bladescape-am-energiekongress-osterreich\/","title":{"rendered":"BLADESCAPE am Energiekongress \u00d6sterreich"},"content":{"rendered":"<p>BLADESCAPE ist neben sehr nahmhaften Konzernen als Aussteller am Energiekongress \u00d6sterreich 2018\u00a0 vertreten und pr\u00e4sentiert sein umfassendes Leistungsspektrum f\u00fcr die Energiebranche.<\/p>\n<p><img loading=\"lazy\" decoding=\"async\" class=\"alignnone size-medium wp-image-397\" src=\"https:\/\/blade-scape.com\/wp-content\/uploads\/2021\/06\/oesterreichs-energie-mast-300x181.jpg\" alt=\"oesterreichs-energie-mast\" width=\"300\" height=\"181\" srcset=\"https:\/\/blade-scape.com\/wp-content\/uploads\/2021\/06\/oesterreichs-energie-mast-300x181.jpg 300w, https:\/\/blade-scape.com\/wp-content\/uploads\/2021\/06\/oesterreichs-energie-mast-768x463.jpg 768w, https:\/\/blade-scape.com\/wp-content\/uploads\/2021\/06\/oesterreichs-energie-mast.jpg 900w\" sizes=\"auto, (max-width: 300px) 100vw, 300px\" \/><\/p>\n<p>Unsere Drohnenexperten beraten Sie dort gerne zu <a href=\"https:\/\/blade-scape.com\/advisory\/\">Einsatzm\u00f6glichkeiten,\u00a0ROI und kritischen Erfolgsfaktoren\u00a0beim Einsatz von UAV (Drohnen)<\/a> in Ihrem Unternehmen. Sie haben dort auch die M\u00f6glichkeit, eine unserer Drohnen hautnah zu erleben.<\/p>\n<p><strong>Datum:<\/strong>\u00a0 19. \u2013 20. September 2018<br \/>\n<strong>Ort:\u00a0\u00a0<\/strong>Vila Vita Pannonia, Storchengasse 1, 7152 Pamhagen \/ Burgenland<\/p>\n<p>\u201e<em>Am 19. und 20. September 2018 findet im burgenl\u00e4ndischen Seewinkel mit dem f\u00fcnften Oesterreichs Energie Kongress der wichtigste Branchenevent der \u00f6sterreichischen E-Wirtschaft dieses Jahres statt. Dieser Kongress wird voller Innovationen sein: Es erwarten Sie viele neue Elemente wie mehr Themensessions, mehr Vortragende, Speed-Dating mit Start-ups und mehr Diskussionspartner.<\/em><\/p>\n<p><em>Dekarbonisierung, Dezentralisierung und Digitalisierung werden die zentralen Themen sein. Ein weiterer Schwerpunkt ist die \u00f6sterreichische EU-Ratspr\u00e4sidentschaft und deren zentrale Rolle bei der Endverhandlung des Clean Energy Package. Viele hochkar\u00e4tige Redner stehen am Programm. So wird beispielsweise Bundesministerin Elisabeth K\u00f6stinger einen energiepolitischen Ausblick geben und Bundesminister Norbert Hofer aufzeigen, wie \u00d6sterreich die Verkehrswende schafft.<\/em>\u201c<\/p>\n<p>Die Anmeldung und weitere Infos zum Event finden Sie hier:\u00a0<a href=\"https:\/\/eventmaker.at\/oesterreichs_energie_akademie\/oesterreichs_energie_kongress_2018\/\">\u00d6sterreichs Energie Kongress 2018<\/a><\/p>\n<p>Wir freuen uns, wenn wir Sie dort begr\u00fc\u00dfen d\u00fcrfen!<\/p>\n<p>Fotocredit:\u00a0\u00a9 Oesterreichs Energie\/Christian Fischer<\/p>\n<div class=\"brlbs-cmpnt-container brlbs-cmpnt-content-blocker brlbs-cmpnt-with-individual-styles\" data-borlabs-cookie-content-blocker-id=\"default\" data-borlabs-cookie-content=\"PGlmcmFtZSB0aXRsZT0iT2VzdGVycmVpY2hzIEVuZXJnaWUgS29uZ3Jlc3MgMjAxOCBBbmvDvG5kZXIiIHdpZHRoPSI2NDAiIGhlaWdodD0iMzYwIiBzcmM9Imh0dHBzOi8vd3d3LnlvdXR1YmUuY29tL2VtYmVkL0tLaU1PRFcwR3JVP2ZlYXR1cmU9b2VtYmVkIiBmcmFtZWJvcmRlcj0iMCIgYWxsb3c9ImFjY2VsZXJvbWV0ZXI7IGF1dG9wbGF5OyBjbGlwYm9hcmQtd3JpdGU7IGVuY3J5cHRlZC1tZWRpYTsgZ3lyb3Njb3BlOyBwaWN0dXJlLWluLXBpY3R1cmU7IHdlYi1zaGFyZSIgcmVmZXJyZXJwb2xpY3k9InN0cmljdC1vcmlnaW4td2hlbi1jcm9zcy1vcmlnaW4iIGFsbG93ZnVsbHNjcmVlbj48L2lmcmFtZT4=\">\n<div class=\"brlbs-cmpnt-cb-preset-a\">\n<p class=\"brlbs-cmpnt-cb-description\">You are currently viewing a placeholder content from <strong>Default<\/strong>. To access the actual content, click the button below. Please note that doing so will share data with third-party providers.<\/p>\n<div class=\"brlbs-cmpnt-cb-buttons\"> <a class=\"brlbs-cmpnt-cb-btn\" href=\"#\" data-borlabs-cookie-unblock role=\"button\">Unblock content<\/a> <a class=\"brlbs-cmpnt-cb-btn\" href=\"#\" data-borlabs-cookie-accept-service role=\"button\" style=\"display: none\">Accept required service and unblock content<\/a> <\/div>\n<p> <a class=\"brlbs-cmpnt-cb-provider-toggle\" href=\"#\" data-borlabs-cookie-show-provider-information role=\"button\">More Information<\/a> <\/div>\n<\/div>\n","protected":false},"excerpt":{"rendered":"<p>BLADESCAPE ist neben sehr nahmhaften Konzernen als Aussteller am Energiekongress \u00d6sterreich 2018\u00a0 vertreten und pr\u00e4sentiert sein umfassendes Leistungsspektrum f\u00fcr die Energiebranche. Unsere Drohnenexperten beraten Sie [&hellip;]<\/p>\n","protected":false},"author":4,"featured_media":1057,"comment_status":"open","ping_status":"open","sticky":false,"template":"","format":"standard","meta":{"_acf_changed":false,"footnotes":""},"categories":[10],"tags":[],"class_list":["post-1689","post","type-post","status-publish","format-standard","has-post-thumbnail","hentry","category-uncategorized"],"acf":[],"yoast_head":"<!-- This site is optimized with the Yoast SEO plugin v27.5 - https:\/\/yoast.com\/product\/yoast-seo-wordpress\/ -->\n<title>BLADESCAPE am Energiekongress \u00d6sterreich | BLADESCAPE<\/title>\n<meta name=\"description\" content=\"Unsere Drohnenexperten beraten Sie am Energiekongress \u00d6sterreich zu Einsatzm\u00f6glichkeiten,\u00a0ROI und Erfolgsfaktoren\u00a0beim Einsatz von UAV (Drohnen).\" \/>\n<meta name=\"robots\" content=\"index, follow, max-snippet:-1, max-image-preview:large, max-video-preview:-1\" \/>\n<link rel=\"canonical\" href=\"https:\/\/blade-scape.com\/en\/bladescape-am-energiekongress-osterreich\/\" \/>\n<meta property=\"og:locale\" content=\"en_US\" \/>\n<meta property=\"og:type\" content=\"article\" \/>\n<meta property=\"og:title\" content=\"BLADESCAPE am Energiekongress \u00d6sterreich | BLADESCAPE\" \/>\n<meta property=\"og:description\" content=\"Unsere Drohnenexperten beraten Sie am Energiekongress \u00d6sterreich zu Einsatzm\u00f6glichkeiten,\u00a0ROI und Erfolgsfaktoren\u00a0beim Einsatz von UAV (Drohnen).\" \/>\n<meta property=\"og:url\" content=\"https:\/\/blade-scape.com\/en\/bladescape-am-energiekongress-osterreich\/\" \/>\n<meta property=\"og:site_name\" content=\"BLADESCAPE\" \/>\n<meta property=\"article:publisher\" content=\"https:\/\/www.facebook.com\/Bladescape-Airborne-Services-GmbH-111333774794410\" \/>\n<meta property=\"article:published_time\" content=\"2018-08-04T11:15:34+00:00\" \/>\n<meta property=\"article:modified_time\" content=\"2023-01-26T12:47:48+00:00\" \/>\n<meta property=\"og:image\" content=\"https:\/\/blade-scape.com\/wp-content\/uploads\/2021\/06\/oesterreichs-energie-mast.jpg\" \/>\n\t<meta property=\"og:image:width\" content=\"900\" \/>\n\t<meta property=\"og:image:height\" content=\"543\" \/>\n\t<meta property=\"og:image:type\" content=\"image\/jpeg\" \/>\n<meta name=\"author\" content=\"Gerhard Peller\" \/>\n<meta name=\"twitter:card\" content=\"summary_large_image\" \/>\n<meta name=\"twitter:label1\" content=\"Written by\" \/>\n\t<meta name=\"twitter:data1\" content=\"Gerhard Peller\" \/>\n\t<meta name=\"twitter:label2\" content=\"Est. reading time\" \/>\n\t<meta name=\"twitter:data2\" content=\"2 minutes\" \/>\n<script type=\"application\/ld+json\" class=\"yoast-schema-graph\">{\"@context\":\"https:\\\/\\\/schema.org\",\"@graph\":[{\"@type\":\"Article\",\"@id\":\"https:\\\/\\\/blade-scape.com\\\/en\\\/bladescape-am-energiekongress-osterreich\\\/#article\",\"isPartOf\":{\"@id\":\"https:\\\/\\\/blade-scape.com\\\/en\\\/bladescape-am-energiekongress-osterreich\\\/\"},\"author\":{\"name\":\"Gerhard Peller\",\"@id\":\"https:\\\/\\\/blade-scape.com\\\/#\\\/schema\\\/person\\\/d59966e8ae08fe686a680f2fc8eb25e0\"},\"headline\":\"BLADESCAPE am Energiekongress \u00d6sterreich\",\"datePublished\":\"2018-08-04T11:15:34+00:00\",\"dateModified\":\"2023-01-26T12:47:48+00:00\",\"mainEntityOfPage\":{\"@id\":\"https:\\\/\\\/blade-scape.com\\\/en\\\/bladescape-am-energiekongress-osterreich\\\/\"},\"wordCount\":209,\"commentCount\":0,\"publisher\":{\"@id\":\"https:\\\/\\\/blade-scape.com\\\/#organization\"},\"image\":{\"@id\":\"https:\\\/\\\/blade-scape.com\\\/en\\\/bladescape-am-energiekongress-osterreich\\\/#primaryimage\"},\"thumbnailUrl\":\"https:\\\/\\\/blade-scape.com\\\/wp-content\\\/uploads\\\/2021\\\/06\\\/oesterreichs-energie-mast.jpg\",\"inLanguage\":\"en-US\",\"potentialAction\":[{\"@type\":\"CommentAction\",\"name\":\"Comment\",\"target\":[\"https:\\\/\\\/blade-scape.com\\\/en\\\/bladescape-am-energiekongress-osterreich\\\/#respond\"]}]},{\"@type\":\"WebPage\",\"@id\":\"https:\\\/\\\/blade-scape.com\\\/en\\\/bladescape-am-energiekongress-osterreich\\\/\",\"url\":\"https:\\\/\\\/blade-scape.com\\\/en\\\/bladescape-am-energiekongress-osterreich\\\/\",\"name\":\"BLADESCAPE am Energiekongress \u00d6sterreich | BLADESCAPE\",\"isPartOf\":{\"@id\":\"https:\\\/\\\/blade-scape.com\\\/#website\"},\"primaryImageOfPage\":{\"@id\":\"https:\\\/\\\/blade-scape.com\\\/en\\\/bladescape-am-energiekongress-osterreich\\\/#primaryimage\"},\"image\":{\"@id\":\"https:\\\/\\\/blade-scape.com\\\/en\\\/bladescape-am-energiekongress-osterreich\\\/#primaryimage\"},\"thumbnailUrl\":\"https:\\\/\\\/blade-scape.com\\\/wp-content\\\/uploads\\\/2021\\\/06\\\/oesterreichs-energie-mast.jpg\",\"datePublished\":\"2018-08-04T11:15:34+00:00\",\"dateModified\":\"2023-01-26T12:47:48+00:00\",\"description\":\"Unsere Drohnenexperten beraten Sie am Energiekongress \u00d6sterreich zu Einsatzm\u00f6glichkeiten,\u00a0ROI und Erfolgsfaktoren\u00a0beim Einsatz von UAV (Drohnen).\",\"breadcrumb\":{\"@id\":\"https:\\\/\\\/blade-scape.com\\\/en\\\/bladescape-am-energiekongress-osterreich\\\/#breadcrumb\"},\"inLanguage\":\"en-US\",\"potentialAction\":[{\"@type\":\"ReadAction\",\"target\":[\"https:\\\/\\\/blade-scape.com\\\/en\\\/bladescape-am-energiekongress-osterreich\\\/\"]}]},{\"@type\":\"ImageObject\",\"inLanguage\":\"en-US\",\"@id\":\"https:\\\/\\\/blade-scape.com\\\/en\\\/bladescape-am-energiekongress-osterreich\\\/#primaryimage\",\"url\":\"https:\\\/\\\/blade-scape.com\\\/wp-content\\\/uploads\\\/2021\\\/06\\\/oesterreichs-energie-mast.jpg\",\"contentUrl\":\"https:\\\/\\\/blade-scape.com\\\/wp-content\\\/uploads\\\/2021\\\/06\\\/oesterreichs-energie-mast.jpg\",\"width\":900,\"height\":543,\"caption\":\"Bladescape am Energiekongress \u00d6sterreich\"},{\"@type\":\"BreadcrumbList\",\"@id\":\"https:\\\/\\\/blade-scape.com\\\/en\\\/bladescape-am-energiekongress-osterreich\\\/#breadcrumb\",\"itemListElement\":[{\"@type\":\"ListItem\",\"position\":1,\"name\":\"Home\",\"item\":\"https:\\\/\\\/blade-scape.com\\\/en\\\/\"},{\"@type\":\"ListItem\",\"position\":2,\"name\":\"BLADESCAPE am Energiekongress \u00d6sterreich\"}]},{\"@type\":\"WebSite\",\"@id\":\"https:\\\/\\\/blade-scape.com\\\/#website\",\"url\":\"https:\\\/\\\/blade-scape.com\\\/\",\"name\":\"BLADESCAPE\",\"description\":\"Drone powered Industrial Solutions - Ihr Partner f\u00fcr das gesamte Leistungsspektrum der unbemannten Luftfahrt.\",\"publisher\":{\"@id\":\"https:\\\/\\\/blade-scape.com\\\/#organization\"},\"potentialAction\":[{\"@type\":\"SearchAction\",\"target\":{\"@type\":\"EntryPoint\",\"urlTemplate\":\"https:\\\/\\\/blade-scape.com\\\/?s={search_term_string}\"},\"query-input\":{\"@type\":\"PropertyValueSpecification\",\"valueRequired\":true,\"valueName\":\"search_term_string\"}}],\"inLanguage\":\"en-US\"},{\"@type\":\"Organization\",\"@id\":\"https:\\\/\\\/blade-scape.com\\\/#organization\",\"name\":\"BLADESCAPE Airborne Services GmbH\",\"url\":\"https:\\\/\\\/blade-scape.com\\\/\",\"logo\":{\"@type\":\"ImageObject\",\"inLanguage\":\"en-US\",\"@id\":\"https:\\\/\\\/blade-scape.com\\\/#\\\/schema\\\/logo\\\/image\\\/\",\"url\":\"https:\\\/\\\/blade-scape.com\\\/wp-content\\\/uploads\\\/2021\\\/05\\\/bladescape-logo.svg\",\"contentUrl\":\"https:\\\/\\\/blade-scape.com\\\/wp-content\\\/uploads\\\/2021\\\/05\\\/bladescape-logo.svg\",\"width\":1,\"height\":1,\"caption\":\"BLADESCAPE Airborne Services GmbH\"},\"image\":{\"@id\":\"https:\\\/\\\/blade-scape.com\\\/#\\\/schema\\\/logo\\\/image\\\/\"},\"sameAs\":[\"https:\\\/\\\/www.facebook.com\\\/Bladescape-Airborne-Services-GmbH-111333774794410\"]},{\"@type\":\"Person\",\"@id\":\"https:\\\/\\\/blade-scape.com\\\/#\\\/schema\\\/person\\\/d59966e8ae08fe686a680f2fc8eb25e0\",\"name\":\"Gerhard Peller\",\"image\":{\"@type\":\"ImageObject\",\"inLanguage\":\"en-US\",\"@id\":\"https:\\\/\\\/secure.gravatar.com\\\/avatar\\\/7c6fc873ce31823dbb7ff99db0ffd823f614e448cae095e65bd3280aadd15a04?s=96&d=mm&r=g\",\"url\":\"https:\\\/\\\/secure.gravatar.com\\\/avatar\\\/7c6fc873ce31823dbb7ff99db0ffd823f614e448cae095e65bd3280aadd15a04?s=96&d=mm&r=g\",\"contentUrl\":\"https:\\\/\\\/secure.gravatar.com\\\/avatar\\\/7c6fc873ce31823dbb7ff99db0ffd823f614e448cae095e65bd3280aadd15a04?s=96&d=mm&r=g\",\"caption\":\"Gerhard Peller\"},\"url\":\"https:\\\/\\\/blade-scape.com\\\/en\\\/author\\\/gerhard\\\/\"}]}<\/script>\n<!-- \/ Yoast SEO plugin. -->","yoast_head_json":{"title":"BLADESCAPE am Energiekongress \u00d6sterreich | BLADESCAPE","description":"Unsere Drohnenexperten beraten Sie am Energiekongress \u00d6sterreich zu Einsatzm\u00f6glichkeiten,\u00a0ROI und Erfolgsfaktoren\u00a0beim Einsatz von UAV (Drohnen).","robots":{"index":"index","follow":"follow","max-snippet":"max-snippet:-1","max-image-preview":"max-image-preview:large","max-video-preview":"max-video-preview:-1"},"canonical":"https:\/\/blade-scape.com\/en\/bladescape-am-energiekongress-osterreich\/","og_locale":"en_US","og_type":"article","og_title":"BLADESCAPE am Energiekongress \u00d6sterreich | BLADESCAPE","og_description":"Unsere Drohnenexperten beraten Sie am Energiekongress \u00d6sterreich zu Einsatzm\u00f6glichkeiten,\u00a0ROI und Erfolgsfaktoren\u00a0beim Einsatz von UAV (Drohnen).","og_url":"https:\/\/blade-scape.com\/en\/bladescape-am-energiekongress-osterreich\/","og_site_name":"BLADESCAPE","article_publisher":"https:\/\/www.facebook.com\/Bladescape-Airborne-Services-GmbH-111333774794410","article_published_time":"2018-08-04T11:15:34+00:00","article_modified_time":"2023-01-26T12:47:48+00:00","og_image":[{"width":900,"height":543,"url":"https:\/\/blade-scape.com\/wp-content\/uploads\/2021\/06\/oesterreichs-energie-mast.jpg","type":"image\/jpeg"}],"author":"Gerhard Peller","twitter_card":"summary_large_image","twitter_misc":{"Written by":"Gerhard Peller","Est. reading time":"2 minutes"},"schema":{"@context":"https:\/\/schema.org","@graph":[{"@type":"Article","@id":"https:\/\/blade-scape.com\/en\/bladescape-am-energiekongress-osterreich\/#article","isPartOf":{"@id":"https:\/\/blade-scape.com\/en\/bladescape-am-energiekongress-osterreich\/"},"author":{"name":"Gerhard Peller","@id":"https:\/\/blade-scape.com\/#\/schema\/person\/d59966e8ae08fe686a680f2fc8eb25e0"},"headline":"BLADESCAPE am Energiekongress \u00d6sterreich","datePublished":"2018-08-04T11:15:34+00:00","dateModified":"2023-01-26T12:47:48+00:00","mainEntityOfPage":{"@id":"https:\/\/blade-scape.com\/en\/bladescape-am-energiekongress-osterreich\/"},"wordCount":209,"commentCount":0,"publisher":{"@id":"https:\/\/blade-scape.com\/#organization"},"image":{"@id":"https:\/\/blade-scape.com\/en\/bladescape-am-energiekongress-osterreich\/#primaryimage"},"thumbnailUrl":"https:\/\/blade-scape.com\/wp-content\/uploads\/2021\/06\/oesterreichs-energie-mast.jpg","inLanguage":"en-US","potentialAction":[{"@type":"CommentAction","name":"Comment","target":["https:\/\/blade-scape.com\/en\/bladescape-am-energiekongress-osterreich\/#respond"]}]},{"@type":"WebPage","@id":"https:\/\/blade-scape.com\/en\/bladescape-am-energiekongress-osterreich\/","url":"https:\/\/blade-scape.com\/en\/bladescape-am-energiekongress-osterreich\/","name":"BLADESCAPE am Energiekongress \u00d6sterreich | BLADESCAPE","isPartOf":{"@id":"https:\/\/blade-scape.com\/#website"},"primaryImageOfPage":{"@id":"https:\/\/blade-scape.com\/en\/bladescape-am-energiekongress-osterreich\/#primaryimage"},"image":{"@id":"https:\/\/blade-scape.com\/en\/bladescape-am-energiekongress-osterreich\/#primaryimage"},"thumbnailUrl":"https:\/\/blade-scape.com\/wp-content\/uploads\/2021\/06\/oesterreichs-energie-mast.jpg","datePublished":"2018-08-04T11:15:34+00:00","dateModified":"2023-01-26T12:47:48+00:00","description":"Unsere Drohnenexperten beraten Sie am Energiekongress \u00d6sterreich zu Einsatzm\u00f6glichkeiten,\u00a0ROI und Erfolgsfaktoren\u00a0beim Einsatz von UAV (Drohnen).","breadcrumb":{"@id":"https:\/\/blade-scape.com\/en\/bladescape-am-energiekongress-osterreich\/#breadcrumb"},"inLanguage":"en-US","potentialAction":[{"@type":"ReadAction","target":["https:\/\/blade-scape.com\/en\/bladescape-am-energiekongress-osterreich\/"]}]},{"@type":"ImageObject","inLanguage":"en-US","@id":"https:\/\/blade-scape.com\/en\/bladescape-am-energiekongress-osterreich\/#primaryimage","url":"https:\/\/blade-scape.com\/wp-content\/uploads\/2021\/06\/oesterreichs-energie-mast.jpg","contentUrl":"https:\/\/blade-scape.com\/wp-content\/uploads\/2021\/06\/oesterreichs-energie-mast.jpg","width":900,"height":543,"caption":"Bladescape am Energiekongress \u00d6sterreich"},{"@type":"BreadcrumbList","@id":"https:\/\/blade-scape.com\/en\/bladescape-am-energiekongress-osterreich\/#breadcrumb","itemListElement":[{"@type":"ListItem","position":1,"name":"Home","item":"https:\/\/blade-scape.com\/en\/"},{"@type":"ListItem","position":2,"name":"BLADESCAPE am Energiekongress \u00d6sterreich"}]},{"@type":"WebSite","@id":"https:\/\/blade-scape.com\/#website","url":"https:\/\/blade-scape.com\/","name":"BLADESCAPE","description":"Drone powered Industrial Solutions - Ihr Partner f\u00fcr das gesamte Leistungsspektrum der unbemannten Luftfahrt.","publisher":{"@id":"https:\/\/blade-scape.com\/#organization"},"potentialAction":[{"@type":"SearchAction","target":{"@type":"EntryPoint","urlTemplate":"https:\/\/blade-scape.com\/?s={search_term_string}"},"query-input":{"@type":"PropertyValueSpecification","valueRequired":true,"valueName":"search_term_string"}}],"inLanguage":"en-US"},{"@type":"Organization","@id":"https:\/\/blade-scape.com\/#organization","name":"BLADESCAPE Airborne Services GmbH","url":"https:\/\/blade-scape.com\/","logo":{"@type":"ImageObject","inLanguage":"en-US","@id":"https:\/\/blade-scape.com\/#\/schema\/logo\/image\/","url":"https:\/\/blade-scape.com\/wp-content\/uploads\/2021\/05\/bladescape-logo.svg","contentUrl":"https:\/\/blade-scape.com\/wp-content\/uploads\/2021\/05\/bladescape-logo.svg","width":1,"height":1,"caption":"BLADESCAPE Airborne Services GmbH"},"image":{"@id":"https:\/\/blade-scape.com\/#\/schema\/logo\/image\/"},"sameAs":["https:\/\/www.facebook.com\/Bladescape-Airborne-Services-GmbH-111333774794410"]},{"@type":"Person","@id":"https:\/\/blade-scape.com\/#\/schema\/person\/d59966e8ae08fe686a680f2fc8eb25e0","name":"Gerhard Peller","image":{"@type":"ImageObject","inLanguage":"en-US","@id":"https:\/\/secure.gravatar.com\/avatar\/7c6fc873ce31823dbb7ff99db0ffd823f614e448cae095e65bd3280aadd15a04?s=96&d=mm&r=g","url":"https:\/\/secure.gravatar.com\/avatar\/7c6fc873ce31823dbb7ff99db0ffd823f614e448cae095e65bd3280aadd15a04?s=96&d=mm&r=g","contentUrl":"https:\/\/secure.gravatar.com\/avatar\/7c6fc873ce31823dbb7ff99db0ffd823f614e448cae095e65bd3280aadd15a04?s=96&d=mm&r=g","caption":"Gerhard Peller"},"url":"https:\/\/blade-scape.com\/en\/author\/gerhard\/"}]}},"_links":{"self":[{"href":"https:\/\/blade-scape.com\/en\/wp-json\/wp\/v2\/posts\/1689","targetHints":{"allow":["GET"]}}],"collection":[{"href":"https:\/\/blade-scape.com\/en\/wp-json\/wp\/v2\/posts"}],"about":[{"href":"https:\/\/blade-scape.com\/en\/wp-json\/wp\/v2\/types\/post"}],"author":[{"embeddable":true,"href":"https:\/\/blade-scape.com\/en\/wp-json\/wp\/v2\/users\/4"}],"replies":[{"embeddable":true,"href":"https:\/\/blade-scape.com\/en\/wp-json\/wp\/v2\/comments?post=1689"}],"version-history":[{"count":1,"href":"https:\/\/blade-scape.com\/en\/wp-json\/wp\/v2\/posts\/1689\/revisions"}],"predecessor-version":[{"id":2266,"href":"https:\/\/blade-scape.com\/en\/wp-json\/wp\/v2\/posts\/1689\/revisions\/2266"}],"wp:featuredmedia":[{"embeddable":true,"href":"https:\/\/blade-scape.com\/en\/wp-json\/wp\/v2\/media\/1057"}],"wp:attachment":[{"href":"https:\/\/blade-scape.com\/en\/wp-json\/wp\/v2\/media?parent=1689"}],"wp:term":[{"taxonomy":"category","embeddable":true,"href":"https:\/\/blade-scape.com\/en\/wp-json\/wp\/v2\/categories?post=1689"},{"taxonomy":"post_tag","embeddable":true,"href":"https:\/\/blade-scape.com\/en\/wp-json\/wp\/v2\/tags?post=1689"}],"curies":[{"name":"wp","href":"https:\/\/api.w.org\/{rel}","templated":true}]}}